{"id":344,"date":"2024-10-16T17:56:15","date_gmt":"2024-10-16T17:56:15","guid":{"rendered":"https:\/\/localhost\/imovago-elementor\/dicas-de-decoracao-e-design-interiores\/"},"modified":"2024-10-24T19:44:43","modified_gmt":"2024-10-24T19:44:43","slug":"dicas-de-decoracao-e-design-interiores","status":"publish","type":"post","link":"https:\/\/temas.imovepro.com.br\/04\/dicas-de-decoracao-e-design-interiores\/","title":{"rendered":"Dicas de Decora\u00e7\u00e3o e Design de Interiores para Valorizar seu Espa\u00e7o Imobili\u00e1rio"},"content":{"rendered":"<p>\n\tO setor imobili\u00e1rio \u00e9 um dos pilares da economia e investir em im\u00f3veis \u00e9 uma decis\u00e3o inteligente para muitas pessoas. Al\u00e9m do potencial de retorno financeiro, ter um espa\u00e7o pr\u00f3prio \u00e9 um desejo de muitos indiv\u00edduos. No entanto, apenas adquirir uma propriedade n\u00e3o garante o sucesso ou satisfa\u00e7\u00e3o plena. A decora\u00e7\u00e3o e o design de interiores desempenham um papel fundamental na valoriza\u00e7\u00e3o e aproveitamento desses espa\u00e7os, criando ambientes agrad\u00e1veis, funcionais e visualmente atrativos.\n<\/p>\n<p>\n\tNeste artigo, apresentaremos um guia completo com dicas valiosas para que voc\u00ea possa transformar seu espa\u00e7o imobili\u00e1rio em um local que irradie personalidade e conforto, al\u00e9m de se destacar no mercado. Vamos abordar quest\u00f5es como o uso de cores, ilumina\u00e7\u00e3o, organiza\u00e7\u00e3o, mobili\u00e1rio e acess\u00f3rios. Vamos l\u00e1!\n<\/p>\n<h2>A import\u00e2ncia das Cores<\/h2>\n<p>\n\tAs cores t\u00eam o poder de influenciar nossas emo\u00e7\u00f5es e percep\u00e7\u00f5es. Elas podem criar a sensa\u00e7\u00e3o de amplitude, aconchego, tranquilidade ou estimular a energia. Ao escolher a paleta de cores para o seu espa\u00e7o, leve em considera\u00e7\u00e3o a finalidade do ambiente.\n<\/p>\n<p>\n\tAmbientes de descanso: Quartos e \u00e1reas de relaxamento geralmente se beneficiam de cores mais suaves, como tons de azul, verde e tons neutros. Essas cores podem induzir o relaxamento e proporcionar uma sensa\u00e7\u00e3o de calma.\n<\/p>\n<p>\n\tEspa\u00e7os sociais: Salas de estar e \u00e1reas de conv\u00edvio se beneficiam de cores mais vibrantes e alegres, como tons de amarelo, laranja ou vermelho. Cores quentes podem estimular a comunica\u00e7\u00e3o e a intera\u00e7\u00e3o social.\n<\/p>\n<p>\n\tAmbientes de trabalho: Home offices ou escrit\u00f3rios devem priorizar cores que estimulem a concentra\u00e7\u00e3o e a produtividade. Tons de verde ou azul mais escuros podem ser uma boa escolha.\n<\/p>\n<h2>\n\tIlumina\u00e7\u00e3o bem planejada<br \/>\n<\/h2>\n<p>\n\tA ilumina\u00e7\u00e3o \u00e9 um aspecto fundamental para real\u00e7ar a decora\u00e7\u00e3o e criar diferentes atmosferas nos ambientes. Uma combina\u00e7\u00e3o de luz natural e artificial \u00e9 ideal para valorizar o espa\u00e7o imobili\u00e1rio.\n<\/p>\n<p>\n\tAproveite a luz natural: Mantenha cortinas e persianas leves que permitam a entrada de luz solar. Ambientes bem iluminados naturalmente tendem a parecer mais amplos e convidativos.\n<\/p>\n<p>\n\tIlumina\u00e7\u00e3o artificial: Invista em uma ilumina\u00e7\u00e3o variada, com lumin\u00e1rias de teto, arandelas, lumin\u00e1rias de ch\u00e3o e abajures. L\u00e2mpadas com diferentes temperaturas de cor podem criar diferentes sensa\u00e7\u00f5es no ambiente.\n<\/p>\n<p>\n\tDestaque pontos de interesse: Utilize luzes direcionadas ou spots para destacar elementos de destaque, como quadros, esculturas ou detalhes arquitet\u00f4nicos.\n<\/p>\n<h2>\n\tOrganiza\u00e7\u00e3o \u00e9 a chave<br \/>\n<\/h2>\n<p>\n\tA organiza\u00e7\u00e3o \u00e9 uma das principais dicas de decora\u00e7\u00e3o e design de interiores. Ambientes organizados criam uma sensa\u00e7\u00e3o de harmonia e conforto, al\u00e9m de otimizar o espa\u00e7o dispon\u00edvel.\n<\/p>\n<p>\n\tM\u00f3veis funcionais: Opte por m\u00f3veis que tamb\u00e9m atuem como armazenamento, como camas com gavetas embutidas, sof\u00e1s com ba\u00fas ou prateleiras com nichos.\n<\/p>\n<p>\n\tDesapegue do que n\u00e3o \u00e9 necess\u00e1rio: Livre-se de itens desnecess\u00e1rios e mantenha apenas o que realmente contribui para a est\u00e9tica e funcionalidade do espa\u00e7o.\n<\/p>\n<p>\n\tUse organizadores: Caixas, cestos e divis\u00f3rias podem ser \u00f3timos aliados para manter a ordem e evitar a sensa\u00e7\u00e3o de bagun\u00e7a.\n<\/p>\n<h2>\n\tEscolha do mobili\u00e1rio<br \/>\n<\/h2>\n<p>\n\tO mobili\u00e1rio \u00e9 um elemento central na decora\u00e7\u00e3o e design de interiores, por isso, \u00e9 essencial escolher pe\u00e7as adequadas ao espa\u00e7o e ao estilo que deseja transmitir.\n<\/p>\n<p>\n\tTamanho e propor\u00e7\u00e3o: Leve em considera\u00e7\u00e3o o tamanho do ambiente ao escolher os m\u00f3veis. Evite pe\u00e7as muito grandes para ambientes pequenos, pois isso pode criar uma sensa\u00e7\u00e3o de sufocamento.\n<\/p>\n<p>\n\tEstilo e design: Escolha m\u00f3veis que se adequem ao estilo da decora\u00e7\u00e3o que voc\u00ea deseja. Seja moderno, r\u00fastico, vintage ou minimalista, a coes\u00e3o visual \u00e9 importante.\n<\/p>\n<p>\n\tConforto e ergonomia: Priorize o conforto, principalmente em m\u00f3veis utilizados com frequ\u00eancia, como sof\u00e1s e cadeiras. A ergonomia \u00e9 essencial em espa\u00e7os de trabalho.\n<\/p>\n<h2>\n\tAcess\u00f3rios e detalhes<br \/>\n<\/h2>\n<p>\n\tOs acess\u00f3rios e detalhes s\u00e3o o toque final na decora\u00e7\u00e3o de interiores. Eles s\u00e3o capazes de adicionar personalidade e charme aos ambientes.\n<\/p>\n<p>\n\tAlmofadas e mantas: Use almofadas e mantas para adicionar cor e textura aos sof\u00e1s e camas.\n<\/p>\n<p>\n\tTapetes: Tapetes s\u00e3o \u00f3timos para delimitar espa\u00e7os e criar aconchego.\n<\/p>\n<p>\n\tQuadros e espelhos: Quadros e espelhos s\u00e3o excelentes elementos decorativos que tamb\u00e9m podem ajudar a ampliar visualmente o ambiente.\n<\/p>\n<p>\n\tPlantas e flores: Trazer elementos naturais para o interior pode proporcionar uma sensa\u00e7\u00e3o de frescor e vida aos ambientes.\n<\/p>\n<h2>\n\tPersonaliza\u00e7\u00e3o e Identidade<br \/>\n<\/h2>\n<p>\n\tPor fim, n\u00e3o tenha medo de personalizar o espa\u00e7o de acordo com suas prefer\u00eancias e identidade. Seu espa\u00e7o imobili\u00e1rio deve refletir quem voc\u00ea \u00e9 e o que voc\u00ea valoriza.\n<\/p>\n<p>\n\tObra de arte e fotografias: Exiba obras de arte, fotografias e objetos pessoais que tenham significado para voc\u00ea. Isso tornar\u00e1 o espa\u00e7o mais aut\u00eantico e pessoal.\n<\/p>\n<p>\n\tDIY (Fa\u00e7a voc\u00ea mesmo): Projetos de &#8220;fa\u00e7a voc\u00ea mesmo&#8221; s\u00e3o uma \u00f3tima maneira de adicionar elementos \u00fanicos e personalizados \u00e0 decora\u00e7\u00e3o.\n<\/p>\n<p>\n\tEquil\u00edbrio entre tend\u00eancias e atemporalidade: Esteja atento \u00e0s tend\u00eancias, mas equilibre-as com elementos atemporais para garantir que seu espa\u00e7o n\u00e3o fique datado rapidamente.\n<\/p>\n<p>\n\tEm conclus\u00e3o, a decora\u00e7\u00e3o e o design de interiores s\u00e3o fatores-chave para valorizar o seu espa\u00e7o imobili\u00e1rio e torn\u00e1-lo mais atrativo, seja para uso pr\u00f3prio ou para venda. Lembre-se de que a decora\u00e7\u00e3o \u00e9 uma forma de express\u00e3o pessoal e deve refletir seus gostos e estilo de vida. Ao seguir essas dicas e colocar sua criatividade em pr\u00e1tica, voc\u00ea poder\u00e1 transformar seu ambiente em um lugar acolhedor, funcional e visualmente cat<\/p>\n","protected":false},"excerpt":{"rendered":"<p>O setor imobili\u00e1rio \u00e9 um dos pilares da economia e investir em im\u00f3veis \u00e9 uma decis\u00e3o inteligente para muitas pessoas. Al\u00e9m do potencial de retorno financeiro, ter um espa\u00e7o pr\u00f3prio \u00e9 um desejo de muitos indiv\u00edduos<\/p>\n","protected":false},"author":1,"featured_media":0,"comment_status":"open","ping_status":"open","sticky":false,"template":"","format":"standard","meta":{"footnotes":""},"categories":[1,16],"tags":[],"class_list":["post-344","post","type-post","status-publish","format-standard","hentry","category-dicas-e-curiosidades","category-tendencia-do-mercado-imobiliario"],"acf":[],"_links":{"self":[{"href":"https:\/\/temas.imovepro.com.br\/04\/wp-json\/wp\/v2\/posts\/344","targetHints":{"allow":["GET"]}}],"collection":[{"href":"https:\/\/temas.imovepro.com.br\/04\/wp-json\/wp\/v2\/posts"}],"about":[{"href":"https:\/\/temas.imovepro.com.br\/04\/wp-json\/wp\/v2\/types\/post"}],"author":[{"embeddable":true,"href":"https:\/\/temas.imovepro.com.br\/04\/wp-json\/wp\/v2\/users\/1"}],"replies":[{"embeddable":true,"href":"https:\/\/temas.imovepro.com.br\/04\/wp-json\/wp\/v2\/comments?post=344"}],"version-history":[{"count":2,"href":"https:\/\/temas.imovepro.com.br\/04\/wp-json\/wp\/v2\/posts\/344\/revisions"}],"predecessor-version":[{"id":845,"href":"https:\/\/temas.imovepro.com.br\/04\/wp-json\/wp\/v2\/posts\/344\/revisions\/845"}],"wp:attachment":[{"href":"https:\/\/temas.imovepro.com.br\/04\/wp-json\/wp\/v2\/media?parent=344"}],"wp:term":[{"taxonomy":"category","embeddable":true,"href":"https:\/\/temas.imovepro.com.br\/04\/wp-json\/wp\/v2\/categories?post=344"},{"taxonomy":"post_tag","embeddable":true,"href":"https:\/\/temas.imovepro.com.br\/04\/wp-json\/wp\/v2\/tags?post=344"}],"curies":[{"name":"wp","href":"https:\/\/api.w.org\/{rel}","templated":true}]}}